{"id":78,"date":"2025-11-26T17:36:25","date_gmt":"2025-11-26T16:36:25","guid":{"rendered":"http:\/\/localhost\/?p=78"},"modified":"2025-12-11T22:49:33","modified_gmt":"2025-12-11T21:49:33","slug":"offices-du-tourisme","status":"publish","type":"post","link":"https:\/\/www.lechaletdurevv.fr\/?p=78","title":{"rendered":"Offices du tourisme"},"content":{"rendered":"\n<ul class=\"wp-block-list\">\n<li>Luz Saint-Sauveur (place du 8 mai) avec la m\u00e9t\u00e9o montagne, d\u00e9part bus<\/li>\n\n\n\n<li>Bar\u00e8ges (Place Urbain Cazaux)<\/li>\n\n\n\n<li>G\u00e8dre (centre du village)<\/li>\n\n\n\n<li>Gavarnie (centre du village)<br><\/li>\n\n\n\n<li><a href=\"https:\/\/www.valleesdegavarnie.com\/infos-pratiques\/nos-offices-de-tourisme\/\" target=\"_blank\" rel=\"noreferrer noopener\">https:\/\/www.valleesdegavarnie.com\/infos-pratiques\/nos-offices-de-tourisme\/<\/a><\/li>\n<\/ul>\n\n\n\n<ul class=\"wp-block-list\">\n<li>Guides de montage (<a href=\"https:\/\/www.guides-luz.com\/\" data-type=\"link\" data-id=\"https:\/\/www.guides-luz.com\/\" target=\"_blank\" rel=\"noreferrer noopener\">luz<\/a>)<\/li>\n\n\n\n<li><a href=\"https:\/\/www.pyrenees-parcnational.fr\/fr\/des-decouvertes\/les-vallees-du-parc-national\/patrimoine-mondial-pyrenees-mont-perdu\" data-type=\"link\" data-id=\"https:\/\/www.pyrenees-parcnational.fr\/fr\/des-decouvertes\/les-vallees-du-parc-national\/patrimoine-mondial-pyrenees-mont-perdu\" target=\"_blank\" rel=\"noreferrer noopener\">Parc national Ordesa Mont-Perdu<\/a><\/li>\n\n\n\n<li><a href=\"https:\/\/www.maisondelavallee.org\/\" data-type=\"link\" data-id=\"https:\/\/www.maisondelavallee.org\/\" target=\"_blank\" rel=\"noreferrer noopener\">Maison de la vall\u00e9e et du Parc National<\/a> (cin\u00e9ma)<\/li>\n<\/ul>\n\n\n\n<p><\/p>\n","protected":false},"excerpt":{"rendered":"","protected":false},"author":1,"featured_media":325,"comment_status":"open","ping_status":"open","sticky":false,"template":"","format":"standard","meta":{"footnotes":""},"categories":[12],"tags":[13],"class_list":["post-78","post","type-post","status-publish","format-standard","has-post-thumbnail","hentry","category-tourisme","tag-tourisme","latest_post"],"_links":{"self":[{"href":"https:\/\/www.lechaletdurevv.fr\/index.php?rest_route=\/wp\/v2\/posts\/78","targetHints":{"allow":["GET"]}}],"collection":[{"href":"https:\/\/www.lechaletdurevv.fr\/index.php?rest_route=\/wp\/v2\/posts"}],"about":[{"href":"https:\/\/www.lechaletdurevv.fr\/index.php?rest_route=\/wp\/v2\/types\/post"}],"author":[{"embeddable":true,"href":"https:\/\/www.lechaletdurevv.fr\/index.php?rest_route=\/wp\/v2\/users\/1"}],"replies":[{"embeddable":true,"href":"https:\/\/www.lechaletdurevv.fr\/index.php?rest_route=%2Fwp%2Fv2%2Fcomments&post=78"}],"version-history":[{"count":6,"href":"https:\/\/www.lechaletdurevv.fr\/index.php?rest_route=\/wp\/v2\/posts\/78\/revisions"}],"predecessor-version":[{"id":343,"href":"https:\/\/www.lechaletdurevv.fr\/index.php?rest_route=\/wp\/v2\/posts\/78\/revisions\/343"}],"wp:featuredmedia":[{"embeddable":true,"href":"https:\/\/www.lechaletdurevv.fr\/index.php?rest_route=\/wp\/v2\/media\/325"}],"wp:attachment":[{"href":"https:\/\/www.lechaletdurevv.fr\/index.php?rest_route=%2Fwp%2Fv2%2Fmedia&parent=78"}],"wp:term":[{"taxonomy":"category","embeddable":true,"href":"https:\/\/www.lechaletdurevv.fr\/index.php?rest_route=%2Fwp%2Fv2%2Fcategories&post=78"},{"taxonomy":"post_tag","embeddable":true,"href":"https:\/\/www.lechaletdurevv.fr\/index.php?rest_route=%2Fwp%2Fv2%2Ftags&post=78"}],"curies":[{"name":"wp","href":"https:\/\/api.w.org\/{rel}","templated":true}]}}