{"id":74,"date":"2025-12-09T17:29:13","date_gmt":"2025-12-09T16:29:13","guid":{"rendered":"http:\/\/localhost\/?p=74"},"modified":"2026-02-10T21:58:38","modified_gmt":"2026-02-10T20:58:38","slug":"les-balades-hivernales-estivales","status":"publish","type":"post","link":"https:\/\/www.lechaletdurevv.fr\/?p=74","title":{"rendered":"Balades hivernales"},"content":{"rendered":"\n<ul class=\"wp-block-list\">\n<li>Plateau de Saugu\u00e9 (\u00e0 partir de G\u00e8dre ou depuis Gavarnie)  \n<ul class=\"wp-block-list\">\n<li><a target=\"_blank\" href=\"https:\/\/www.topopyrenees.com\/randonnee-plateau-de-saugue-1610m\/\">randonnee-plateau-de-saugue<\/a><\/li>\n<\/ul>\n<\/li>\n\n\n\n<li>La croix de Saint Justin depuis Bareges ou depuis Sers\n<ul class=\"wp-block-list\">\n<li><a href=\"https:\/\/www.visorando.com\/randonnee-la-croix-de-saint-justin-en-boucle-par-l\/\" target=\"_blank\" rel=\"noreferrer noopener\">croix-de-saint-justin-en-boucle<\/a><\/li>\n<\/ul>\n<\/li>\n\n\n\n<li>Cirque de Gavarnie<\/li>\n\n\n\n<li>Col de riou (depuis le secteur B\u00e9deret de Luz Ardiden) <\/li>\n\n\n\n<li>Plateau du Lienz (depuis et ou vers Bar\u00e8ges)<\/li>\n\n\n\n<li>Plateau des lumi\u00e8res depuis le Lienz\n<ul class=\"wp-block-list\">\n<li><a href=\"https:\/\/www.luz.org\/wp-content\/uploads\/2021\/11\/2021-raquettes-Bareges.pdf\" target=\"_blank\" rel=\"noreferrer noopener\">2021-raquettes-Bareges.pdf<\/a><\/li>\n<\/ul>\n<\/li>\n<\/ul>\n\n\n\n<p>Voici une carte des points d&#8217;inter\u00eats <a href=\"https:\/\/framacarte.org\/fr\/map\/autour-de-viella_202779#11\/42.9356\/-0.0893\" data-type=\"link\" data-id=\"https:\/\/framacarte.org\/fr\/map\/autour-de-viella_202779#11\/42.9356\/-0.0893\" target=\"_blank\" rel=\"noreferrer noopener\">autour de viella (stations, cols, villages, lieux touristiques,&#8230;)<\/a><\/p>\n\n\n\n<figure class=\"wp-block-image is-resized size-small\"><a target=\"_blank\" href=\"https:\/\/framacarte.org\/fr\/map\/autour-de-viella_202779#11\/42.9356\/-0.0893\"><img loading=\"lazy\" decoding=\"async\" width=\"1024\" height=\"467\" src=\"https:\/\/www.lechaletdurevv.fr\/wp-content\/uploads\/2026\/02\/carte_synthese_viella2-1024x467.png\" alt=\"carte des lieux d'interets autour de Viella\" class=\"wp-image-538\" style=\"aspect-ratio:2.1926812780988216;width:734px;height:auto\" srcset=\"https:\/\/www.lechaletdurevv.fr\/wp-content\/uploads\/2026\/02\/carte_synthese_viella2-1024x467.png 1024w, https:\/\/www.lechaletdurevv.fr\/wp-content\/uploads\/2026\/02\/carte_synthese_viella2-300x137.png 300w, https:\/\/www.lechaletdurevv.fr\/wp-content\/uploads\/2026\/02\/carte_synthese_viella2-768x350.png 768w, https:\/\/www.lechaletdurevv.fr\/wp-content\/uploads\/2026\/02\/carte_synthese_viella2-131x60.png 131w, https:\/\/www.lechaletdurevv.fr\/wp-content\/uploads\/2026\/02\/carte_synthese_viella2.png 1293w\" sizes=\"auto, (max-width: 1024px) 100vw, 1024px\" \/><\/a><figcaption class=\"wp-element-caption\">carte des lieux d&#8217;interets autour de Viella<\/figcaption><\/figure>\n","protected":false},"excerpt":{"rendered":"<p>Voici une carte des points d&#8217;inter\u00eats autour de viella (stations, cols, villages, lieux touristiques,&#8230;)<\/p>\n","protected":false},"author":1,"featured_media":245,"comment_status":"open","ping_status":"open","sticky":false,"template":"","format":"standard","meta":{"footnotes":""},"categories":[22,21],"tags":[20,19],"class_list":["post-74","post","type-post","status-publish","format-standard","has-post-thumbnail","hentry","category-hiver","category-randonnee","tag-hiver","tag-randonnee","latest_post"],"_links":{"self":[{"href":"https:\/\/www.lechaletdurevv.fr\/index.php?rest_route=\/wp\/v2\/posts\/74","targetHints":{"allow":["GET"]}}],"collection":[{"href":"https:\/\/www.lechaletdurevv.fr\/index.php?rest_route=\/wp\/v2\/posts"}],"about":[{"href":"https:\/\/www.lechaletdurevv.fr\/index.php?rest_route=\/wp\/v2\/types\/post"}],"author":[{"embeddable":true,"href":"https:\/\/www.lechaletdurevv.fr\/index.php?rest_route=\/wp\/v2\/users\/1"}],"replies":[{"embeddable":true,"href":"https:\/\/www.lechaletdurevv.fr\/index.php?rest_route=%2Fwp%2Fv2%2Fcomments&post=74"}],"version-history":[{"count":15,"href":"https:\/\/www.lechaletdurevv.fr\/index.php?rest_route=\/wp\/v2\/posts\/74\/revisions"}],"predecessor-version":[{"id":546,"href":"https:\/\/www.lechaletdurevv.fr\/index.php?rest_route=\/wp\/v2\/posts\/74\/revisions\/546"}],"wp:featuredmedia":[{"embeddable":true,"href":"https:\/\/www.lechaletdurevv.fr\/index.php?rest_route=\/wp\/v2\/media\/245"}],"wp:attachment":[{"href":"https:\/\/www.lechaletdurevv.fr\/index.php?rest_route=%2Fwp%2Fv2%2Fmedia&parent=74"}],"wp:term":[{"taxonomy":"category","embeddable":true,"href":"https:\/\/www.lechaletdurevv.fr\/index.php?rest_route=%2Fwp%2Fv2%2Fcategories&post=74"},{"taxonomy":"post_tag","embeddable":true,"href":"https:\/\/www.lechaletdurevv.fr\/index.php?rest_route=%2Fwp%2Fv2%2Ftags&post=74"}],"curies":[{"name":"wp","href":"https:\/\/api.w.org\/{rel}","templated":true}]}}