{"id":62,"date":"2025-11-26T17:23:00","date_gmt":"2025-11-26T16:23:00","guid":{"rendered":"http:\/\/localhost\/?p=62"},"modified":"2025-12-22T19:00:11","modified_gmt":"2025-12-22T18:00:11","slug":"les-stations-de-ski","status":"publish","type":"post","link":"https:\/\/www.lechaletdurevv.fr\/?p=62","title":{"rendered":"Les stations de ski"},"content":{"rendered":"\n<p><strong><a href=\"https:\/\/www.ski-gavarnie.com\/fr\/acces-a-la-station\u200c\" data-type=\"link\" data-id=\"https:\/\/www.ski-gavarnie.com\/fr\/acces-a-la-station\u200c\" target=\"_blank\" rel=\"noreferrer noopener\">Gavarnie<\/a><\/strong> : 35mn, tarif mod\u00e9r\u00e9, avec une m\u00e9t\u00e9o souvent plus fraiche<br> La station est hors du village, possibilit\u00e9 dans le m\u00eame secteur (qq km en voiture ou navette) de se balader au cirque de Gavarnie<\/p>\n\n\n\n<p><strong><a href=\"https:\/\/hautacam.com\/fr\/\" data-type=\"link\" data-id=\"https:\/\/hautacam.com\/fr\/\" target=\"_blank\" rel=\"noreferrer noopener\">Hautacam<\/a><\/strong> : 55mn, tarif mod\u00e9r\u00e9, id\u00e9al d\u00e9butant, uniquement teleskis, luge sur rail, domaine raquettes et ski nordique tr\u00e8s proche (tr\u00e8s belle vue)<br> Station hors village, location ski de fond et raquettes possible sur place, un resto d&#8217;altitude pour se restaurer<\/p>\n\n\n\n<p><strong><a href=\"https:\/\/luz-ardiden.com\/\" data-type=\"link\" data-id=\"https:\/\/www.n-py.com\/fr\/luz-ardiden\/skibus\/luz-saint-sauveur-luz-ardiden\u200c\" target=\"_blank\" rel=\"noreferrer noopener\">Luz-Ardiden<\/a><\/strong> : 25mn, tarif interm\u00e9diaire, 2 parkings distincts : secteur Aulian (principal) et Bederet (secondaire &#8211; depart rando raquette)<br> Station hors village, possibilit\u00e9 de navette (comprise dans le forfait) depuis l&#8217;office de tourisme de Luz-Saint-Sauveur<br><\/p>\n\n\n\n<p><a href=\"https:\/\/www.station-valdazun.com\/\" data-type=\"link\" data-id=\"https:\/\/www.station-valdazun.com\/\" target=\"_blank\" rel=\"noreferrer noopener\"><strong>Val d&#8217;Azun<\/strong> <\/a>(domaine Couraduque) 45mn, ski de fond et raquettes<br>Secteur (Soulor) \u00e0 qq km<br>Tyrolienne en hiver si la station n&#8217;est pas ouverte<br> Station hors village, resto d&#8217;altitude <br> De tr\u00e8s belles vues depuis les 2 secteurs !<\/p>\n\n\n\n<p><strong><a href=\"https:\/\/www.cauterets.com\/ligne-de-bus-urbain\/\u200c\" data-type=\"link\" data-id=\"https:\/\/www.cauterets.com\/ligne-de-bus-urbain\/\u200c\" target=\"_blank\" rel=\"noreferrer noopener\">Cauter\u00eats<\/a><\/strong> 30mn, tarif interm\u00e9diaire, 2 domaines s\u00e9par\u00e9s, grand et joli village<\/p>\n\n\n\n<ul class=\"wp-block-list\">\n<li>pistes de ski alpin accessibles en t\u00e9l\u00e9cabine depuis le village<\/li>\n\n\n\n<li>Pistes pour raquettes, skis de fond ou alpin d\u00e9butant (pont d&#8217;Espagne) accessibles en voiture ou <a target=\"_blank\" href=\"https:\/\/navettepontdespagne.fr\/\">navette<\/a><\/li>\n<\/ul>\n\n\n\n<p><strong><a href=\"https:\/\/www.n-py.com\/fr\/grand-tourmalet\" data-type=\"link\" data-id=\"https:\/\/www.n-py.com\/fr\/grand-tourmalet\" target=\"_blank\" rel=\"noreferrer noopener\">Bar\u00e8ges<\/a><\/strong> 15mn, tarif elev\u00e9<br>Secteurs \u00e0 connaitre<br>\n<ul><li>Parking Tournaboup (station ski avec resto + bar) qq kms apr\u00e8s le village<\/li>\n<li>Laquette (d\u00e9butant) , Lienz (d\u00e9butant), Ayr\u00e9 (bon skieur) : zone entre le village et le parking du Tournaboup<\/li>\n<li>Super-bar\u00e8ges + Tourmalet + La Mongie (bon skieur) : zone vers le Tourmalet<\/li>\n<\/ul>Navette possible (gratuite avec forfait) depuis le village de Bar\u00e8ges (parking parfois compliqu\u00e9 pour se garer au village comme au parking de la station) &#8211; <a target=\"_blank\" href=\"https:\/\/www.mairie-bareges.fr\/sejourner-a-bareges\/navettes-communales\">navette communale<\/a><br>Autre navette (payante) pour rejoindre la zone du Lienz (raquettes, et parfois <a target=\"_blank\" href=\"https:\/\/www.valleesdegavarnie.com\/activites\/chiens-de-traineaux-lappel-sauvage\/\">chiens de traineaux<\/a>) et le resto du secteur <br>Un chemin \u00e0 pied depuis le centre du village de Bar\u00e8ges permet de rejoindre aussi le secteur du Lienz<\/p>\n\n\n\n<p><\/p>\n\n\n\n<p><strong>Ouverture d&#8217;une saison de ski \u00e0 la station de Bar\u00e8ges Grand Tourmalet<\/strong><\/p>\n\n\n\n<p><a href=\"https:\/\/photos.app.goo.gl\/D2m6cbcc2KuPsrh6A\">https:\/\/photos.app.goo.gl\/D2m6cbcc2KuPsrh6A<\/a><\/p>\n","protected":false},"excerpt":{"rendered":"<p>Gavarnie : 35mn, tarif mod\u00e9r\u00e9, avec une m\u00e9t\u00e9o souvent plus fraiche La station est hors du village, possibilit\u00e9 dans le m\u00eame secteur (qq km en &hellip; <\/p>\n","protected":false},"author":1,"featured_media":156,"comment_status":"open","ping_status":"open","sticky":false,"template":"","format":"standard","meta":{"footnotes":""},"categories":[22],"tags":[],"class_list":["post-62","post","type-post","status-publish","format-standard","has-post-thumbnail","hentry","category-hiver","latest_post"],"_links":{"self":[{"href":"https:\/\/www.lechaletdurevv.fr\/index.php?rest_route=\/wp\/v2\/posts\/62","targetHints":{"allow":["GET"]}}],"collection":[{"href":"https:\/\/www.lechaletdurevv.fr\/index.php?rest_route=\/wp\/v2\/posts"}],"about":[{"href":"https:\/\/www.lechaletdurevv.fr\/index.php?rest_route=\/wp\/v2\/types\/post"}],"author":[{"embeddable":true,"href":"https:\/\/www.lechaletdurevv.fr\/index.php?rest_route=\/wp\/v2\/users\/1"}],"replies":[{"embeddable":true,"href":"https:\/\/www.lechaletdurevv.fr\/index.php?rest_route=%2Fwp%2Fv2%2Fcomments&post=62"}],"version-history":[{"count":24,"href":"https:\/\/www.lechaletdurevv.fr\/index.php?rest_route=\/wp\/v2\/posts\/62\/revisions"}],"predecessor-version":[{"id":487,"href":"https:\/\/www.lechaletdurevv.fr\/index.php?rest_route=\/wp\/v2\/posts\/62\/revisions\/487"}],"wp:featuredmedia":[{"embeddable":true,"href":"https:\/\/www.lechaletdurevv.fr\/index.php?rest_route=\/wp\/v2\/media\/156"}],"wp:attachment":[{"href":"https:\/\/www.lechaletdurevv.fr\/index.php?rest_route=%2Fwp%2Fv2%2Fmedia&parent=62"}],"wp:term":[{"taxonomy":"category","embeddable":true,"href":"https:\/\/www.lechaletdurevv.fr\/index.php?rest_route=%2Fwp%2Fv2%2Fcategories&post=62"},{"taxonomy":"post_tag","embeddable":true,"href":"https:\/\/www.lechaletdurevv.fr\/index.php?rest_route=%2Fwp%2Fv2%2Ftags&post=62"}],"curies":[{"name":"wp","href":"https:\/\/api.w.org\/{rel}","templated":true}]}}