{"id":314,"date":"2025-12-08T09:46:40","date_gmt":"2025-12-08T08:46:40","guid":{"rendered":"https:\/\/www.lechaletdurevv.fr\/?p=314"},"modified":"2025-12-22T18:20:59","modified_gmt":"2025-12-22T17:20:59","slug":"ski-de-randonnee","status":"publish","type":"post","link":"https:\/\/www.lechaletdurevv.fr\/?p=314","title":{"rendered":"Ski de randonn\u00e9e"},"content":{"rendered":"\n<figure class=\"wp-block-gallery has-nested-images columns-default is-cropped wp-block-gallery-1 is-layout-flex wp-block-gallery-is-layout-flex\">\n<figure class=\"wp-block-image size-large\"><img loading=\"lazy\" decoding=\"async\" width=\"995\" height=\"746\" data-id=\"315\" src=\"https:\/\/www.lechaletdurevv.fr\/wp-content\/uploads\/2025\/12\/ski_randonnee_turon.jpg\" alt=\"\" class=\"wp-image-315\"\/><figcaption class=\"wp-element-caption\">Rando ASAP ski au Turon du N\u00e9ouvielle<\/figcaption><\/figure>\n\n\n\n<figure class=\"wp-block-image size-large\"><img loading=\"lazy\" decoding=\"async\" width=\"1600\" height=\"1200\" data-id=\"318\" src=\"https:\/\/www.lechaletdurevv.fr\/wp-content\/uploads\/2025\/12\/ski_randonnee.jpg\" alt=\"\" class=\"wp-image-318\"\/><figcaption class=\"wp-element-caption\">ski de rando 2<\/figcaption><\/figure>\n<\/figure>\n\n\n\n<p>Profitez d&#8217;espace de randonn\u00e9e \u00e0 ski loin des pistes ou aux abords des stations de ski<\/p>\n\n\n\n<p><\/p>\n\n\n\n<p><li><a href=\"https:\/\/www.n-py.com\/fr\/luz-ardiden\/presentation\/ski-randonnee\" target=\"_blank\" rel=\"noreferrer noopener\">Ski de randonn\u00e9e par Luz-Ardiden<\/a><\/li><\/p>\n\n\n\n<p><li><a href=\"https:\/\/picdumidi.com\/fr\/page\/a-l-aventure\" target=\"_blank\" rel=\"noreferrer noopener\">Descente du Pic du midi de Bigorre <\/a><\/li><\/p>\n\n\n\n<p><li><a href=\"https:\/\/www.tourmaletpicdumidi.com\/activites-loisirs\/ski\/faire-du-ski-de-randonnee\/\" data-type=\"link\" data-id=\"https:\/\/www.tourmaletpicdumidi.com\/activites-loisirs\/ski\/faire-du-ski-de-randonnee\/\" target=\"_blank\" rel=\"noreferrer noopener\">Autre inforrmation sur la descente du Pic du midi \u00e9galement ici<\/a><\/li><\/p>\n\n\n\n<p><li>Renseignez-vous aupr\u00e8s du <a href=\"https:\/\/www.guides-luz.com\/activites-hiver\/ski-de-rando\" data-type=\"link\" data-id=\"https:\/\/www.guides-luz.com\/activites-hiver\/ski-de-rando\" target=\"_blank\" rel=\"noreferrer noopener\">bureau des guides de Luz-Saint-Sauveur<\/a><\/li><\/p>\n","protected":false},"excerpt":{"rendered":"<p>Profitez d&#8217;espace de randonn\u00e9e \u00e0 ski loin des pistes ou aux abords des stations de ski Ski de randonn\u00e9e par Luz-Ardiden Descente du Pic du &hellip; <\/p>\n","protected":false},"author":1,"featured_media":317,"comment_status":"open","ping_status":"open","sticky":false,"template":"","format":"standard","meta":{"footnotes":""},"categories":[22],"tags":[20,27],"class_list":["post-314","post","type-post","status-publish","format-standard","has-post-thumbnail","hentry","category-hiver","tag-hiver","tag-ski","latest_post"],"_links":{"self":[{"href":"https:\/\/www.lechaletdurevv.fr\/index.php?rest_route=\/wp\/v2\/posts\/314","targetHints":{"allow":["GET"]}}],"collection":[{"href":"https:\/\/www.lechaletdurevv.fr\/index.php?rest_route=\/wp\/v2\/posts"}],"about":[{"href":"https:\/\/www.lechaletdurevv.fr\/index.php?rest_route=\/wp\/v2\/types\/post"}],"author":[{"embeddable":true,"href":"https:\/\/www.lechaletdurevv.fr\/index.php?rest_route=\/wp\/v2\/users\/1"}],"replies":[{"embeddable":true,"href":"https:\/\/www.lechaletdurevv.fr\/index.php?rest_route=%2Fwp%2Fv2%2Fcomments&post=314"}],"version-history":[{"count":8,"href":"https:\/\/www.lechaletdurevv.fr\/index.php?rest_route=\/wp\/v2\/posts\/314\/revisions"}],"predecessor-version":[{"id":485,"href":"https:\/\/www.lechaletdurevv.fr\/index.php?rest_route=\/wp\/v2\/posts\/314\/revisions\/485"}],"wp:featuredmedia":[{"embeddable":true,"href":"https:\/\/www.lechaletdurevv.fr\/index.php?rest_route=\/wp\/v2\/media\/317"}],"wp:attachment":[{"href":"https:\/\/www.lechaletdurevv.fr\/index.php?rest_route=%2Fwp%2Fv2%2Fmedia&parent=314"}],"wp:term":[{"taxonomy":"category","embeddable":true,"href":"https:\/\/www.lechaletdurevv.fr\/index.php?rest_route=%2Fwp%2Fv2%2Fcategories&post=314"},{"taxonomy":"post_tag","embeddable":true,"href":"https:\/\/www.lechaletdurevv.fr\/index.php?rest_route=%2Fwp%2Fv2%2Ftags&post=314"}],"curies":[{"name":"wp","href":"https:\/\/api.w.org\/{rel}","templated":true}]}}