{"id":175,"date":"2025-12-09T18:16:38","date_gmt":"2025-12-09T17:16:38","guid":{"rendered":"http:\/\/localhost\/?p=175"},"modified":"2026-02-15T15:59:12","modified_gmt":"2026-02-15T14:59:12","slug":"balades-estivales","status":"publish","type":"post","link":"https:\/\/www.lechaletdurevv.fr\/?p=175","title":{"rendered":"Balades et activit\u00e9s estivales"},"content":{"rendered":"\n<p>Explorez la vall\u00e9e de Gavarnie et ses sites d&#8217;exception, sa faune et sa flore, &#8230;<\/p>\n\n\n<ul>\n<li><a href=\"https:\/\/www.valleesdegavarnie.com\/en-plein-air\/visiter-le-cirque-de-gavarnie\/\" target=\"blank\">Le cirque de Gavarnie<\/a><\/li>\n<li><a href=\"https:\/\/rando.valleesdegavarnie.com\/trek\/10321-La-Breche-de-Roland\" target=\"blank\">La br\u00eache de Roland<\/a> puis <a href=\"https:\/\/www.parquenacionalordesa.com\" target=\"blank\">le mont Perdu et la vall\u00e9e d&#8217;Ordessa (Espagne)<\/a><\/li>\n<li><a href=\"https:\/\/www.tourisme-hautes-pyrenees.com\/offre\/fiche\/cirque-de-troumouse\/PNAMID065FS0000E\" target=\"blank\">Le cirque de Troumouse<\/a><\/li>\n<li><a href=\"https:\/\/rando.valleesdegavarnie.com\/trek\/21346-Le-cirque-d-Estaube\" target=\"blank\">Le cirque d\u2019Estaub\u00e9<\/a><\/li>\n<li><a href=\"https:\/\/rando.valleesdegavarnie.com\/trek\/19600-Le-plateau-de-Saugue\" target=\"blank\">Plateau de Saugu\u00e9<\/a><\/li>\n<li><a href=\"https:\/\/www.pyrenees-parcnational.fr\/fr\/des-decouvertes\/les-vallees-du-parc-national\/reserves-nationales-gerees-par-le-parc-national-des-1\" target=\"blank\">La r\u00e9serve du N\u00e9ouvielle<\/a><\/li>\n<li><a href=\"https:\/\/escapadesdecharme.com\/hautacam-paradis-au-coeur-des-pyrenees\/\" target=\"blank\">Le plateau du Hautacam<\/a><\/li>\n<li><a href=\"https:\/\/picdumidi.com\/fr\/\" target=\"blank\" rel=\"noopener\">Le pic du midi de Bigorre<\/a><\/li>\n<\/ul>\n<div id='gallery-1' class='gallery galleryid-175 gallery-columns-3 gallery-size-thumbnail'><figure class='gallery-item'>\r\n    \t\t<div class='gallery-icon portrait'>\r\n    \t\t\t<a href='https:\/\/www.lechaletdurevv.fr\/?attachment_id=530'><img loading=\"lazy\" decoding=\"async\" width=\"150\" height=\"150\" src=\"https:\/\/www.lechaletdurevv.fr\/wp-content\/uploads\/2025\/12\/COL_SOULOR_4-150x150.jpg\" class=\"attachment-thumbnail size-thumbnail\" alt=\"Balande au col du Soulor\" aria-describedby=\"gallery-1-530\" \/><\/a>\r\n    \t\t<\/div>\r\n    \t\t\t<figcaption class='wp-caption-text gallery-caption' id='gallery-1-530'>\r\n    \t\t\tBalande au col du Soulor\r\n    \t\t\t<\/figcaption><\/figure><figure class='gallery-item'>\r\n    \t\t<div class='gallery-icon landscape'>\r\n    \t\t\t<a href='https:\/\/www.lechaletdurevv.fr\/?attachment_id=180'><img loading=\"lazy\" decoding=\"async\" width=\"150\" height=\"108\" src=\"https:\/\/www.lechaletdurevv.fr\/wp-content\/uploads\/2025\/12\/LAC_BASSIAS_2.jpg\" class=\"attachment-thumbnail size-thumbnail\" alt=\"Lacs de Bassia\" aria-describedby=\"gallery-1-180\" \/><\/a>\r\n    \t\t<\/div>\r\n    \t\t\t<figcaption class='wp-caption-text gallery-caption' id='gallery-1-180'>\r\n    \t\t\tLacs de Bassia\r\n    \t\t\t<\/figcaption><\/figure><figure class='gallery-item'>\r\n    \t\t<div class='gallery-icon landscape'>\r\n    \t\t\t<a href='https:\/\/www.lechaletdurevv.fr\/?attachment_id=531'><img loading=\"lazy\" decoding=\"async\" width=\"150\" height=\"150\" src=\"https:\/\/www.lechaletdurevv.fr\/wp-content\/uploads\/2025\/12\/ST_SAVIN_02-150x150.jpeg\" class=\"attachment-thumbnail size-thumbnail\" alt=\"Vue depuis Saint Savin\" aria-describedby=\"gallery-1-531\" \/><\/a>\r\n    \t\t<\/div>\r\n    \t\t\t<figcaption class='wp-caption-text gallery-caption' id='gallery-1-531'>\r\n    \t\t\tVue depuis Saint Savin\r\n    \t\t\t<\/figcaption><\/figure><figure class='gallery-item'>\r\n    \t\t<div class='gallery-icon landscape'>\r\n    \t\t\t<a href='https:\/\/www.lechaletdurevv.fr\/?attachment_id=534'><img loading=\"lazy\" decoding=\"async\" width=\"150\" height=\"150\" src=\"https:\/\/www.lechaletdurevv.fr\/wp-content\/uploads\/2025\/12\/pic_midi_vue_1-150x150.jpg\" class=\"attachment-thumbnail size-thumbnail\" alt=\"Pic du Midi de Bigorre\" aria-describedby=\"gallery-1-534\" \/><\/a>\r\n    \t\t<\/div>\r\n    \t\t\t<figcaption class='wp-caption-text gallery-caption' id='gallery-1-534'>\r\n    \t\t\tPic du Midi de Bigorre\r\n    \t\t\t<\/figcaption><\/figure><figure class='gallery-item'>\r\n    \t\t<div class='gallery-icon portrait'>\r\n    \t\t\t<a href='https:\/\/www.lechaletdurevv.fr\/?attachment_id=533'><img loading=\"lazy\" decoding=\"async\" width=\"150\" height=\"150\" src=\"https:\/\/www.lechaletdurevv.fr\/wp-content\/uploads\/2025\/12\/CROIX_ST_JUSTIN-150x150.jpeg\" class=\"attachment-thumbnail size-thumbnail\" alt=\"Croix de Saint Justin\" aria-describedby=\"gallery-1-533\" \/><\/a>\r\n    \t\t<\/div>\r\n    \t\t\t<figcaption class='wp-caption-text gallery-caption' id='gallery-1-533'>\r\n    \t\t\tCroix de Saint Justin\r\n    \t\t\t<\/figcaption><\/figure><figure class='gallery-item'>\r\n    \t\t<div class='gallery-icon landscape'>\r\n    \t\t\t<a href='https:\/\/www.lechaletdurevv.fr\/?attachment_id=532'><img loading=\"lazy\" decoding=\"async\" width=\"150\" height=\"150\" src=\"https:\/\/www.lechaletdurevv.fr\/wp-content\/uploads\/2025\/12\/cirque_troumouse_ete_3-150x150.jpg\" class=\"attachment-thumbnail size-thumbnail\" alt=\"Cirque de troumouse\" aria-describedby=\"gallery-1-532\" \/><\/a>\r\n    \t\t<\/div>\r\n    \t\t\t<figcaption class='wp-caption-text gallery-caption' id='gallery-1-532'>\r\n    \t\t\tCirque de troumouse\r\n    \t\t\t<\/figcaption><\/figure>\r\n    \t<\/div>\n\n<p>Des cartes IGN et descriptifs de randonn\u00e9es sont disponibles au chalet.<\/p>\n<p>Des refuges sont accessibles pour des randonn\u00e9es sur plusieurs jours (<a href=\"https:\/\/refugedelaglere.ffcam.fr\" target=\"blank\">La Gl\u00e8re<\/a>, <a href=\"https:\/\/refugepacke.ffcam.fr\/\" target=\"blank\">Packe<\/a>, <a href=\"https:\/\/www.visit-neouvielle.com\/fiche-hebergement-refuge-d-aygues-cluses-8hdlfjrygjf.html\" target=\"_blank\" rel=\"noopener\">Aygues-Cluses<\/a>, &#8230;)<\/p>\n<p>Des randonn\u00e9es plus locales :<\/p>\n\n\n<ul class=\"wp-block-list\">\n<li><a href=\"https:\/\/www.openstreetmap.org\/directions?engine=fossgis_osrm_foot&#038;route=42.875256%2C0.014162%3B42.873204%2C-0.002972\" target=\"blank\">Chemin depuis le chalet jusqu&#8217;\u00e0 Luz<\/a><\/li>\n<li>Chateau de Sainte-Marie depuis Luz<\/li>\n<li>Villages de la vall\u00e9e Betpouey, Sers, Viey<\/li>\n\n\n\n<li>beaucoup d&#8217;autres possibilit\u00e9s y compris depuis le chalet vers les villages de la vall\u00e9e ou vers la r\u00e9serve naturelle du N\u00e9ouvielle<\/li>\n<\/ul>\n\n\n<\/p>\n<p>Autres activit\u00e9s estivales :<br \/>&#8211; vtt (<a target=\"_blank\" href=\"https:\/\/www.n-py.com\/fr\/ete\/grand-tourmalet\/bike-park\")>\u00e0 bareges<\/a>, <a target=\"_blank\" href=\"https:\/\/www.luz.org\/fr\/bouger\/velo-vtt\/\">\u00e0 luz<\/a>), parapente (<a target=\"_blank\" href=\"https:\/\/www.luz-aventure.com\/activites\/activites-ete\/parapente\">\u00e0 luz<\/a>, <a target=\"_blank\" href=\"https:\/\/www.station-valdazun.com\/parapente\">au val d&#8217;Azun<\/a>), saut \u00e0 l&#8217;elastique (<a target=\"_blank\" href=\"https:\/\/www.saut-elastique-luz.com\/\">\u00e0 luz<\/a>), accrobranches (<a target=\"_blank\" href=\"https:\/\/www.encheneetfrene.fr\/\">\u00e0 luz<\/a>), rafting (<a target=\"_blank\" href=\"https:\/\/www.luz-aventure.com\/activites\/activites-ete\/rafting-canoe\">\u00e0 luz<\/a>), luge sur rail (<a target=\"_blank\" href=\"https:\/\/hautacam.com\/fr\/mountain-luge\">\u00e0 hautacam<\/a>),<\/p>\n<p>&#8211; <a href=\"https:\/\/www.lechaletdurevv.fr\/?p=275\">thermalisme<\/a>,<\/p>\n<p>&#8211; visites (<a target=\"_blank\" href=\"https:\/\/www.fermedescascades.com\/\">ferme des cascades)<\/a>, <a target=\"_blank\" href=\"https:\/\/www.donjon-des-aigles.com\/\">Donjon des aigles<\/a>, <br \/>, &#8230;<\/p>\n\n\n<p>Voici une carte des points d&#8217;inter\u00eats <a href=\"https:\/\/framacarte.org\/fr\/map\/autour-de-viella_202779#11\/42.9356\/-0.0893\" data-type=\"link\" data-id=\"https:\/\/framacarte.org\/fr\/map\/autour-de-viella_202779#11\/42.9356\/-0.0893\" target=\"_blank\" rel=\"noreferrer noopener\">autour de viella (stations, cols, villages, refuges, lieux touristiques,&#8230;)<\/a><\/p>\n\n\n\n<figure class=\"wp-block-image is-resized size-small\"><a target=\"_blank\" href=\"https:\/\/framacarte.org\/fr\/map\/autour-de-viella_202779#11\/42.9356\/-0.0893\"><img loading=\"lazy\" decoding=\"async\" width=\"1024\" height=\"467\" src=\"https:\/\/www.lechaletdurevv.fr\/wp-content\/uploads\/2026\/02\/carte_synthese_viella2-1024x467.png\" alt=\"carte des lieux d'interets autour de Viella\" class=\"wp-image-538\" style=\"aspect-ratio:2.1926812780988216;width:734px;height:auto\" srcset=\"https:\/\/www.lechaletdurevv.fr\/wp-content\/uploads\/2026\/02\/carte_synthese_viella2-1024x467.png 1024w, https:\/\/www.lechaletdurevv.fr\/wp-content\/uploads\/2026\/02\/carte_synthese_viella2-300x137.png 300w, https:\/\/www.lechaletdurevv.fr\/wp-content\/uploads\/2026\/02\/carte_synthese_viella2-768x350.png 768w, https:\/\/www.lechaletdurevv.fr\/wp-content\/uploads\/2026\/02\/carte_synthese_viella2-131x60.png 131w, https:\/\/www.lechaletdurevv.fr\/wp-content\/uploads\/2026\/02\/carte_synthese_viella2.png 1293w\" sizes=\"auto, (max-width: 1024px) 100vw, 1024px\" \/><\/a><figcaption class=\"wp-element-caption\">carte des lieux d&#8217;interets autour de Viella<\/figcaption><\/figure>\n","protected":false},"excerpt":{"rendered":"<p>Explorez la vall\u00e9e de Gavarnie et ses sites d&#8217;exception, sa faune et sa flore, &#8230; Le cirque de Gavarnie La br\u00eache de Roland puis le &hellip; <\/p>\n","protected":false},"author":1,"featured_media":180,"comment_status":"closed","ping_status":"open","sticky":false,"template":"","format":"standard","meta":{"footnotes":""},"categories":[25,21],"tags":[26,19],"class_list":["post-175","post","type-post","status-publish","format-standard","has-post-thumbnail","hentry","category-ete","category-randonnee","tag-ete","tag-randonnee","latest_post"],"_links":{"self":[{"href":"https:\/\/www.lechaletdurevv.fr\/index.php?rest_route=\/wp\/v2\/posts\/175","targetHints":{"allow":["GET"]}}],"collection":[{"href":"https:\/\/www.lechaletdurevv.fr\/index.php?rest_route=\/wp\/v2\/posts"}],"about":[{"href":"https:\/\/www.lechaletdurevv.fr\/index.php?rest_route=\/wp\/v2\/types\/post"}],"author":[{"embeddable":true,"href":"https:\/\/www.lechaletdurevv.fr\/index.php?rest_route=\/wp\/v2\/users\/1"}],"replies":[{"embeddable":true,"href":"https:\/\/www.lechaletdurevv.fr\/index.php?rest_route=%2Fwp%2Fv2%2Fcomments&post=175"}],"version-history":[{"count":56,"href":"https:\/\/www.lechaletdurevv.fr\/index.php?rest_route=\/wp\/v2\/posts\/175\/revisions"}],"predecessor-version":[{"id":557,"href":"https:\/\/www.lechaletdurevv.fr\/index.php?rest_route=\/wp\/v2\/posts\/175\/revisions\/557"}],"wp:featuredmedia":[{"embeddable":true,"href":"https:\/\/www.lechaletdurevv.fr\/index.php?rest_route=\/wp\/v2\/media\/180"}],"wp:attachment":[{"href":"https:\/\/www.lechaletdurevv.fr\/index.php?rest_route=%2Fwp%2Fv2%2Fmedia&parent=175"}],"wp:term":[{"taxonomy":"category","embeddable":true,"href":"https:\/\/www.lechaletdurevv.fr\/index.php?rest_route=%2Fwp%2Fv2%2Fcategories&post=175"},{"taxonomy":"post_tag","embeddable":true,"href":"https:\/\/www.lechaletdurevv.fr\/index.php?rest_route=%2Fwp%2Fv2%2Ftags&post=175"}],"curies":[{"name":"wp","href":"https:\/\/api.w.org\/{rel}","templated":true}]}}