{"id":108,"date":"2025-11-26T18:36:26","date_gmt":"2025-11-26T17:36:26","guid":{"rendered":"https:\/\/www.lechaletdurevv.fr\/?p=108"},"modified":"2025-12-19T19:42:52","modified_gmt":"2025-12-19T18:42:52","slug":"acceder-aux-cols-du-tour-de-france-a-velo","status":"publish","type":"post","link":"https:\/\/www.lechaletdurevv.fr\/?p=108","title":{"rendered":"Acc\u00e9der aux cols du tour de France \u00e0 v\u00e9lo"},"content":{"rendered":"\n<p>Grimper les sommets et cols les plus connus du Tour de France, <a target=\"_blank\" href=\"https:\/\/www.tourmaletpicdumidi.com\/activites-loisirs\/velo-dans-les-pyrenees\/monter-le-col-du-tourmalet\/\">Tourmalet<\/a> (le chalet est \u00e0 18km du sommet), <a target=\"_blank\" href=\"https:\/\/www.tourmaletpicdumidi.com\/activites-loisirs\/velo-dans-les-pyrenees\/monter-le-col-d-aspin\/\">Aspin<\/a>, <a target=\"_blank\" href=\"https:\/\/cols-a-velo.fr\/la-hourquette-dancizan\/\">Hourquette d&#8217;Ancizan<\/a>, <a target=\"_blank\" href=\"https:\/\/www.pyrenees-cyclo.com\/itineraire\/lascension-du-hautacam\/\">Hautacam<\/a>, <a target=\"_blank\" href=\"https:\/\/www.pyrenees-cyclo.com\/destination-velo\/nos-cols-mythiques\/luz-ardiden\/\">Luz-Ardiden<\/a>, <a target=\"_blank\" href=\"https:\/\/cols-a-velo.fr\/le-col-daubisque\/\">Aubisque<\/a>, Soulor, et d&#8217;autres moins connus Spandelles, Bord\u00e8res, <a target=\"_blank\" href=\"https:\/\/cols-a-velo.fr\/le-col-de-tentes\/\">Les Tentes<\/a>, Cauter\u00eats \u2026<br><\/p>\n\n\n\n<figure class=\"wp-block-image size-full\"><img loading=\"lazy\" decoding=\"async\" width=\"944\" height=\"509\" src=\"https:\/\/www.lechaletdurevv.fr\/wp-content\/uploads\/2025\/12\/liste_cols_hautes_pyrenees.png\" alt=\"\" class=\"wp-image-172\"\/><\/figure>\n<!-- \/wp:image --","protected":false},"excerpt":{"rendered":"<p>Grimper les sommets et cols les plus connus du Tour de France, Tourmalet (le chalet est \u00e0 18km du sommet), Aspin, Hourquette d&#8217;Ancizan, Hautacam, Luz-Ardiden, &hellip; <\/p>\n","protected":false},"author":1,"featured_media":240,"comment_status":"open","ping_status":"open","sticky":false,"template":"","format":"standard","meta":{"footnotes":""},"categories":[24],"tags":[23],"class_list":["post-108","post","type-post","status-publish","format-standard","has-post-thumbnail","hentry","category-cyclisme","tag-cyclisme","latest_post"],"_links":{"self":[{"href":"https:\/\/www.lechaletdurevv.fr\/index.php?rest_route=\/wp\/v2\/posts\/108","targetHints":{"allow":["GET"]}}],"collection":[{"href":"https:\/\/www.lechaletdurevv.fr\/index.php?rest_route=\/wp\/v2\/posts"}],"about":[{"href":"https:\/\/www.lechaletdurevv.fr\/index.php?rest_route=\/wp\/v2\/types\/post"}],"author":[{"embeddable":true,"href":"https:\/\/www.lechaletdurevv.fr\/index.php?rest_route=\/wp\/v2\/users\/1"}],"replies":[{"embeddable":true,"href":"https:\/\/www.lechaletdurevv.fr\/index.php?rest_route=%2Fwp%2Fv2%2Fcomments&post=108"}],"version-history":[{"count":14,"href":"https:\/\/www.lechaletdurevv.fr\/index.php?rest_route=\/wp\/v2\/posts\/108\/revisions"}],"predecessor-version":[{"id":468,"href":"https:\/\/www.lechaletdurevv.fr\/index.php?rest_route=\/wp\/v2\/posts\/108\/revisions\/468"}],"wp:featuredmedia":[{"embeddable":true,"href":"https:\/\/www.lechaletdurevv.fr\/index.php?rest_route=\/wp\/v2\/media\/240"}],"wp:attachment":[{"href":"https:\/\/www.lechaletdurevv.fr\/index.php?rest_route=%2Fwp%2Fv2%2Fmedia&parent=108"}],"wp:term":[{"taxonomy":"category","embeddable":true,"href":"https:\/\/www.lechaletdurevv.fr\/index.php?rest_route=%2Fwp%2Fv2%2Fcategories&post=108"},{"taxonomy":"post_tag","embeddable":true,"href":"https:\/\/www.lechaletdurevv.fr\/index.php?rest_route=%2Fwp%2Fv2%2Ftags&post=108"}],"curies":[{"name":"wp","href":"https:\/\/api.w.org\/{rel}","templated":true}]}}