{"id":1,"date":"2025-12-09T15:50:25","date_gmt":"2025-12-09T14:50:25","guid":{"rendered":"http:\/\/localhost\/?p=1"},"modified":"2026-02-15T16:33:18","modified_gmt":"2026-02-15T15:33:18","slug":"bonjour-tout-le-monde","status":"publish","type":"post","link":"https:\/\/www.lechaletdurevv.fr\/?p=1","title":{"rendered":"Le chalet"},"content":{"rendered":"\n<p>Dans les Hautes-Pyr\u00e9n\u00e9es, la vall\u00e9e de Gavarnie, le parc national des Pyr\u00e9n\u00e9es, \u00e0 l&#8217;entr\u00e9e de la r\u00e9serve naturelle du N\u00e9ouvielle, et avec une vue sur le Pic du Midi, l&#8217;estive n\u00b01 vous accueille dans un environnement magnifique<\/p>\n\n\n\n<figure class=\"wp-block-gallery alignfull has-nested-images columns-default is-cropped wp-block-gallery-2 is-layout-flex wp-block-gallery-is-layout-flex\">\n<figure class=\"wp-block-image size-full\"><img loading=\"lazy\" decoding=\"async\" width=\"1013\" height=\"760\" data-id=\"25\" src=\"https:\/\/www.lechaletdurevv.fr\/wp-content\/uploads\/2025\/11\/CHALET_VIELLA_EXT_04.jpg\" alt=\"vue du chalet viella\" class=\"wp-image-25\"\/><figcaption class=\"wp-element-caption\">Vue depuis le parking<\/figcaption><\/figure>\n\n\n\n<figure class=\"wp-block-image size-full is-style-default wp-duotone-unset-1\"><img loading=\"lazy\" decoding=\"async\" width=\"768\" height=\"576\" data-id=\"222\" src=\"https:\/\/www.lechaletdurevv.fr\/wp-content\/uploads\/2025\/12\/CHALET_VIELLA_INT_ETG_CH1_VUE_DEPUIS_ENTREE.jpg\" alt=\"\" class=\"wp-image-222\"\/><figcaption class=\"wp-element-caption\">Vue entr\u00e9e chambre 1, chambre grande lucarne<\/figcaption><\/figure>\n\n\n\n<figure class=\"wp-block-image size-full\"><img loading=\"lazy\" decoding=\"async\" width=\"3648\" height=\"2736\" data-id=\"223\" src=\"https:\/\/www.lechaletdurevv.fr\/wp-content\/uploads\/2025\/12\/CHALET_VIELLA_INT_ETG_CH2_LIT1.jpg\" alt=\"\" class=\"wp-image-223\"\/><figcaption class=\"wp-element-caption\">Vue chambre 2<\/figcaption><\/figure>\n\n\n\n<figure class=\"wp-block-image size-full\"><img loading=\"lazy\" decoding=\"async\" width=\"768\" height=\"556\" data-id=\"246\" src=\"https:\/\/www.lechaletdurevv.fr\/wp-content\/uploads\/2025\/11\/CHALET_VIELLA_INT_RDC_VUE_DEPUIS_ENTREE_2.jpg\" alt=\"\" class=\"wp-image-246\"\/><figcaption class=\"wp-element-caption\">Vue de l&#8217;entr\u00e9e du chalet sur le s\u00e9jour<\/figcaption><\/figure>\n\n\n\n<figure class=\"wp-block-image size-full\"><img loading=\"lazy\" decoding=\"async\" width=\"768\" height=\"576\" data-id=\"8\" src=\"https:\/\/www.lechaletdurevv.fr\/wp-content\/uploads\/2025\/11\/CHALET_VIELLA_INT_RDC_VUE_DEPUIS_CUISINE.jpg\" alt=\"\" class=\"wp-image-8\"\/><figcaption class=\"wp-element-caption\">Vue depuis la cuisine<\/figcaption><\/figure>\n\n\n\n<figure class=\"wp-block-image size-full\"><img loading=\"lazy\" decoding=\"async\" width=\"2832\" height=\"1890\" data-id=\"28\" src=\"https:\/\/www.lechaletdurevv.fr\/wp-content\/uploads\/2025\/11\/CHALET_VIELLA_VERS_EXT_ETG1_CH1.jpg\" alt=\"\" class=\"wp-image-28\"\/><figcaption class=\"wp-element-caption\">Vue depuis la chambre 1 vers le Tourmalet et le Pic du Midi<\/figcaption><\/figure>\n\n\n\n<figure class=\"wp-block-image size-full\"><img loading=\"lazy\" decoding=\"async\" width=\"2832\" height=\"1890\" data-id=\"30\" src=\"https:\/\/www.lechaletdurevv.fr\/wp-content\/uploads\/2025\/11\/CHALET_VIELLA_VERS_EXT_ETG1_CH2_02.jpg\" alt=\"\" class=\"wp-image-30\"\/><figcaption class=\"wp-element-caption\">Vue depuis la chambre 2 sur Luz Ardiden<\/figcaption><\/figure>\n\n\n\n<figure class=\"wp-block-image size-full\"><img loading=\"lazy\" decoding=\"async\" width=\"2976\" height=\"1674\" data-id=\"228\" src=\"https:\/\/www.lechaletdurevv.fr\/wp-content\/uploads\/2025\/12\/CHALET_VIELLA_VUE_VALLEE_EN_FACE.jpg\" alt=\"\" class=\"wp-image-228\"\/><figcaption class=\"wp-element-caption\">vue de la montagne en face de Viella (65120)<\/figcaption><\/figure>\n\n\n\n<figure class=\"wp-block-image size-full\"><img loading=\"lazy\" decoding=\"async\" width=\"1600\" height=\"1200\" data-id=\"17\" src=\"https:\/\/www.lechaletdurevv.fr\/wp-content\/uploads\/2025\/11\/CHALET_VIELLA_EXT_09_ENNEIGE.jpg\" alt=\"\" class=\"wp-image-17\"\/><figcaption class=\"wp-element-caption\">Vue du chalet enneig\u00e9<\/figcaption><\/figure>\n<\/figure>\n\n\n\n<p>Le chalet est id\u00e9al pour 5 personnes et agenc\u00e9 sur 2 niveaux <br>&#8211; Au rez-de-chauss\u00e9e, salle \u00e0 manger, salon (canap\u00e9 lit 2 places), cuisine, salle de bain et toilettes<br>&#8211; A l&#8217;\u00e9tage, 2 chambres : chambre 1 avec un lit double et un lit simple ; chambre 2 avec un lit double (des chauffeuses sont disponibles en lit d&#8217;appoint)<br>A l&#8217;ext\u00e9rieur, une terrasse avec un abri (skis + bricolage) et un espace jardin<\/p>\n\n\n\n<p><a href=\"?page_id=58\">Les \u00e9quipements du chalet<\/a><\/p>\n<p><a href=\"?page_id=87\">Les conseils pratiques pour le chalet<\/a><\/p>\n<p><a href=\"?page_id=84\">Acc\u00e8s au chalet<\/a><\/p>\n","protected":false},"excerpt":{"rendered":"<p>Dans les Hautes-Pyr\u00e9n\u00e9es, la vall\u00e9e de Gavarnie, le parc national des Pyr\u00e9n\u00e9es, \u00e0 l&#8217;entr\u00e9e de la r\u00e9serve naturelle du N\u00e9ouvielle, et avec une vue sur &hellip; <\/p>\n","protected":false},"author":1,"featured_media":220,"comment_status":"open","ping_status":"open","sticky":false,"template":"","format":"standard","meta":{"footnotes":""},"categories":[8],"tags":[11],"class_list":["post-1","post","type-post","status-publish","format-standard","has-post-thumbnail","hentry","category-chalet","tag-chalet","latest_post"],"_links":{"self":[{"href":"https:\/\/www.lechaletdurevv.fr\/index.php?rest_route=\/wp\/v2\/posts\/1","targetHints":{"allow":["GET"]}}],"collection":[{"href":"https:\/\/www.lechaletdurevv.fr\/index.php?rest_route=\/wp\/v2\/posts"}],"about":[{"href":"https:\/\/www.lechaletdurevv.fr\/index.php?rest_route=\/wp\/v2\/types\/post"}],"author":[{"embeddable":true,"href":"https:\/\/www.lechaletdurevv.fr\/index.php?rest_route=\/wp\/v2\/users\/1"}],"replies":[{"embeddable":true,"href":"https:\/\/www.lechaletdurevv.fr\/index.php?rest_route=%2Fwp%2Fv2%2Fcomments&post=1"}],"version-history":[{"count":21,"href":"https:\/\/www.lechaletdurevv.fr\/index.php?rest_route=\/wp\/v2\/posts\/1\/revisions"}],"predecessor-version":[{"id":570,"href":"https:\/\/www.lechaletdurevv.fr\/index.php?rest_route=\/wp\/v2\/posts\/1\/revisions\/570"}],"wp:featuredmedia":[{"embeddable":true,"href":"https:\/\/www.lechaletdurevv.fr\/index.php?rest_route=\/wp\/v2\/media\/220"}],"wp:attachment":[{"href":"https:\/\/www.lechaletdurevv.fr\/index.php?rest_route=%2Fwp%2Fv2%2Fmedia&parent=1"}],"wp:term":[{"taxonomy":"category","embeddable":true,"href":"https:\/\/www.lechaletdurevv.fr\/index.php?rest_route=%2Fwp%2Fv2%2Fcategories&post=1"},{"taxonomy":"post_tag","embeddable":true,"href":"https:\/\/www.lechaletdurevv.fr\/index.php?rest_route=%2Fwp%2Fv2%2Ftags&post=1"}],"curies":[{"name":"wp","href":"https:\/\/api.w.org\/{rel}","templated":true}]}}